{"id":2428,"date":"2016-06-24T15:25:30","date_gmt":"2016-06-24T15:25:30","guid":{"rendered":"http:\/\/www.phelansegur.com\/?p=2428"},"modified":"2016-07-21T15:24:58","modified_gmt":"2016-07-21T15:24:58","slug":"lagenda-gourmand-du-chateau-phelan-segur-juin-2016","status":"publish","type":"post","link":"https:\/\/www.phelansegur.com\/en\/lagenda-gourmand-du-chateau-phelan-segur-juin-2016\/","title":{"rendered":"L&#8217;Agenda Gourmand du Ch\u00e2teau Ph\u00e9lan S\u00e9gur &#8211; June 2016"},"content":{"rendered":"<p>Discover\u00a0 the\u00a0 recipe by Ch\u00e2teau Ph\u00e9lan S\u00e9gur\u2019s Chef. To be enjoyed with a Frank Ph\u00e9lan 2008.<\/p>\n<p>For 10 people.<\/p>\n<p>1 cod (3 \u2013 4 kg)<\/p>\n<p>virgin olive oil<\/p>\n<p>sea salt, freshly ground pepper<\/p>\n<p>5 good aubergines<\/p>\n<p>100 ml virgin olive oil<\/p>\n<p>sea salt and freshly ground pepper<\/p>\n<p>powdered Espelette pepper<\/p>\n<p>200 g piquillo peppers in oil<\/p>\n<p>250 ml veal jus<\/p>\n<p>2 potatoes<\/p>\n<p>&nbsp;<\/p>\n<p><span style=\"text-decoration: underline;\">Method :<\/span><\/p>\n<p>Cod<\/p>\n<p>Cut the cod fillets and remove the bones and skin.<\/p>\n<p>Rinse and dry the fillets, cut into 120 g pieces and reserve.<\/p>\n<p>Aubergines<\/p>\n<p>Cut the aubergines in half, score the flesh into squares using a small knife, flatten, season with olive oil, salt and pepper and then cook for 40 min at 150 \u00b0C.<\/p>\n<p>Take out of the oven and remove the skin. Drain the flesh and place in the mixer bowl with the olive oil and half a teaspoon of Espelette pepper. Mix, remove the \u201ccaviar\u201d obtained and keep hot.<\/p>\n<p>Piquillo peppers<\/p>\n<p>Drain the piquillos, place in the mixer bowl and blend. Put the pur\u00e9e in a sieve to recover the piquillo jus. Remove the pur\u00e9e and keep hot.<\/p>\n<p>Reduce the combined veal and piquillo jus and check the seasoning.<\/p>\n<p>Potatoes<\/p>\n<p>Using a mandolin, slice the 2 potatoes into cross-cut wafers, fry, season and keep hot.<\/p>\n<p><span style=\"text-decoration: underline;\">Presentation :<\/span><\/p>\n<p>Heat the oven to 220 \u00b0C. Flatten the fish, adding oil and seasoning.<\/p>\n<p>Roast in the hot oven for 6 min then turn off the heat while preparing the plates (3 min).<\/p>\n<p>On hot serving plates, make a circle of aubergine caviar then place the cod on top. Make a quenelle of piquillo pur\u00e9e and place it on the fish. Drizzle with a line of sauce then stick the potato wafers in the quenelle.<\/p>\n<p><span style=\"text-decoration: underline;\"><\/span><\/p>\n","protected":false},"excerpt":{"rendered":"<p>Dos de cabillaud r\u00f4ti, aubergines et piquillos<\/p>\n","protected":false},"author":3,"featured_media":2482,"comment_status":"closed","ping_status":"closed","sticky":false,"template":"","format":"standard","meta":[],"categories":[5],"tags":[],"acf":[],"yoast_head":"<!-- This site is optimized with the Yoast SEO plugin v15.4 - https:\/\/yoast.com\/wordpress\/plugins\/seo\/ -->\n<meta name=\"robots\" content=\"index, follow, max-snippet:-1, max-image-preview:large, max-video-preview:-1\" \/>\n<link rel=\"canonical\" href=\"https:\/\/www.phelansegur.com\/en\/lagenda-gourmand-du-chateau-phelan-segur-juin-2016\/\" \/>\n<meta property=\"og:locale\" content=\"en_US\" \/>\n<meta property=\"og:type\" content=\"article\" \/>\n<meta property=\"og:title\" content=\"L&#039;Agenda Gourmand du Ch\u00e2teau Ph\u00e9lan S\u00e9gur - June 2016 - Ch\u00e2teau Ph\u00e9lan S\u00e9gur\" \/>\n<meta property=\"og:description\" content=\"Dos de cabillaud r\u00f4ti, aubergines et piquillos\" \/>\n<meta property=\"og:url\" content=\"https:\/\/www.phelansegur.com\/en\/lagenda-gourmand-du-chateau-phelan-segur-juin-2016\/\" \/>\n<meta property=\"og:site_name\" content=\"Ch\u00e2teau Ph\u00e9lan S\u00e9gur\" \/>\n<meta property=\"article:published_time\" content=\"2016-06-24T15:25:30+00:00\" \/>\n<meta property=\"article:modified_time\" content=\"2016-07-21T15:24:58+00:00\" \/>\n<meta property=\"og:image\" content=\"https:\/\/www.phelansegur.com\/wp-content\/uploads\/2016\/06\/Agenda-gourmand-juin1.jpg\" \/>\n\t<meta property=\"og:image:width\" content=\"220\" \/>\n\t<meta property=\"og:image:height\" content=\"316\" \/>\n<meta name=\"twitter:card\" content=\"summary_large_image\" \/>\n<meta name=\"twitter:label1\" content=\"Written by\">\n\t<meta name=\"twitter:data1\" content=\"allison\">\n\t<meta name=\"twitter:label2\" content=\"Est. reading time\">\n\t<meta name=\"twitter:data2\" content=\"1 minute\">\n<script type=\"application\/ld+json\" class=\"yoast-schema-graph\">{\"@context\":\"https:\/\/schema.org\",\"@graph\":[{\"@type\":\"Organization\",\"@id\":\"https:\/\/www.phelansegur.com\/#organization\",\"name\":\"Ch\\u00e2teau Ph\\u00e9lan S\\u00e9gur\",\"url\":\"https:\/\/www.phelansegur.com\/\",\"sameAs\":[\"https:\/\/www.instagram.com\/phelansegur\/\"],\"logo\":{\"@type\":\"ImageObject\",\"@id\":\"https:\/\/www.phelansegur.com\/#logo\",\"inLanguage\":\"en-US\",\"url\":\"https:\/\/www.phelansegur.com\/wp-content\/uploads\/2020\/03\/logo-phelansegur.jpg\",\"width\":500,\"height\":200,\"caption\":\"Ch\\u00e2teau Ph\\u00e9lan S\\u00e9gur\"},\"image\":{\"@id\":\"https:\/\/www.phelansegur.com\/#logo\"}},{\"@type\":\"WebSite\",\"@id\":\"https:\/\/www.phelansegur.com\/#website\",\"url\":\"https:\/\/www.phelansegur.com\/\",\"name\":\"Ch\\u00e2teau Ph\\u00e9lan S\\u00e9gur\",\"description\":\"Saint Est\\u00e8phe\",\"publisher\":{\"@id\":\"https:\/\/www.phelansegur.com\/#organization\"},\"potentialAction\":[{\"@type\":\"SearchAction\",\"target\":\"https:\/\/www.phelansegur.com\/?s={search_term_string}\",\"query-input\":\"required name=search_term_string\"}],\"inLanguage\":\"en-US\"},{\"@type\":\"ImageObject\",\"@id\":\"https:\/\/www.phelansegur.com\/en\/lagenda-gourmand-du-chateau-phelan-segur-juin-2016\/#primaryimage\",\"inLanguage\":\"en-US\",\"url\":\"https:\/\/www.phelansegur.com\/wp-content\/uploads\/2016\/06\/Agenda-gourmand-juin1.jpg\",\"width\":220,\"height\":316},{\"@type\":\"WebPage\",\"@id\":\"https:\/\/www.phelansegur.com\/en\/lagenda-gourmand-du-chateau-phelan-segur-juin-2016\/#webpage\",\"url\":\"https:\/\/www.phelansegur.com\/en\/lagenda-gourmand-du-chateau-phelan-segur-juin-2016\/\",\"name\":\"L'Agenda Gourmand du Ch\\u00e2teau Ph\\u00e9lan S\\u00e9gur - June 2016 - Ch\\u00e2teau Ph\\u00e9lan S\\u00e9gur\",\"isPartOf\":{\"@id\":\"https:\/\/www.phelansegur.com\/#website\"},\"primaryImageOfPage\":{\"@id\":\"https:\/\/www.phelansegur.com\/en\/lagenda-gourmand-du-chateau-phelan-segur-juin-2016\/#primaryimage\"},\"datePublished\":\"2016-06-24T15:25:30+00:00\",\"dateModified\":\"2016-07-21T15:24:58+00:00\",\"breadcrumb\":{\"@id\":\"https:\/\/www.phelansegur.com\/en\/lagenda-gourmand-du-chateau-phelan-segur-juin-2016\/#breadcrumb\"},\"inLanguage\":\"en-US\",\"potentialAction\":[{\"@type\":\"ReadAction\",\"target\":[\"https:\/\/www.phelansegur.com\/en\/lagenda-gourmand-du-chateau-phelan-segur-juin-2016\/\"]}]},{\"@type\":\"BreadcrumbList\",\"@id\":\"https:\/\/www.phelansegur.com\/en\/lagenda-gourmand-du-chateau-phelan-segur-juin-2016\/#breadcrumb\",\"itemListElement\":[{\"@type\":\"ListItem\",\"position\":1,\"item\":{\"@type\":\"WebPage\",\"@id\":\"https:\/\/www.phelansegur.com\/en\/\",\"url\":\"https:\/\/www.phelansegur.com\/en\/\",\"name\":\"Page d'accueil\"}},{\"@type\":\"ListItem\",\"position\":2,\"item\":{\"@type\":\"WebPage\",\"@id\":\"https:\/\/www.phelansegur.com\/en\/lagenda-gourmand-du-chateau-phelan-segur-juin-2016\/\",\"url\":\"https:\/\/www.phelansegur.com\/en\/lagenda-gourmand-du-chateau-phelan-segur-juin-2016\/\",\"name\":\"L&#8217;Agenda Gourmand du Ch\\u00e2teau Ph\\u00e9lan S\\u00e9gur &#8211; June 2016\"}}]},{\"@type\":\"Article\",\"@id\":\"https:\/\/www.phelansegur.com\/en\/lagenda-gourmand-du-chateau-phelan-segur-juin-2016\/#article\",\"isPartOf\":{\"@id\":\"https:\/\/www.phelansegur.com\/en\/lagenda-gourmand-du-chateau-phelan-segur-juin-2016\/#webpage\"},\"author\":{\"@id\":\"https:\/\/www.phelansegur.com\/#\/schema\/person\/32c4ad59aa4cc0e8bcfdb379bc81670e\"},\"headline\":\"L&#8217;Agenda Gourmand du Ch\\u00e2teau Ph\\u00e9lan S\\u00e9gur &#8211; June 2016\",\"datePublished\":\"2016-06-24T15:25:30+00:00\",\"dateModified\":\"2016-07-21T15:24:58+00:00\",\"mainEntityOfPage\":{\"@id\":\"https:\/\/www.phelansegur.com\/en\/lagenda-gourmand-du-chateau-phelan-segur-juin-2016\/#webpage\"},\"publisher\":{\"@id\":\"https:\/\/www.phelansegur.com\/#organization\"},\"image\":{\"@id\":\"https:\/\/www.phelansegur.com\/en\/lagenda-gourmand-du-chateau-phelan-segur-juin-2016\/#primaryimage\"},\"articleSection\":\"Non class\\u00e9 @en\",\"inLanguage\":\"en-US\"},{\"@type\":\"Person\",\"@id\":\"https:\/\/www.phelansegur.com\/#\/schema\/person\/32c4ad59aa4cc0e8bcfdb379bc81670e\",\"name\":\"allison\",\"image\":{\"@type\":\"ImageObject\",\"@id\":\"https:\/\/www.phelansegur.com\/#personlogo\",\"inLanguage\":\"en-US\",\"url\":\"https:\/\/secure.gravatar.com\/avatar\/b3ea36df6a699cf0e5abce7d701edae6?s=96&d=mm&r=g\",\"caption\":\"allison\"}}]}<\/script>\n<!-- \/ Yoast SEO plugin. -->","_links":{"self":[{"href":"https:\/\/www.phelansegur.com\/en\/wp-json\/wp\/v2\/posts\/2428"}],"collection":[{"href":"https:\/\/www.phelansegur.com\/en\/wp-json\/wp\/v2\/posts"}],"about":[{"href":"https:\/\/www.phelansegur.com\/en\/wp-json\/wp\/v2\/types\/post"}],"author":[{"embeddable":true,"href":"https:\/\/www.phelansegur.com\/en\/wp-json\/wp\/v2\/users\/3"}],"replies":[{"embeddable":true,"href":"https:\/\/www.phelansegur.com\/en\/wp-json\/wp\/v2\/comments?post=2428"}],"version-history":[{"count":0,"href":"https:\/\/www.phelansegur.com\/en\/wp-json\/wp\/v2\/posts\/2428\/revisions"}],"wp:featuredmedia":[{"embeddable":true,"href":"https:\/\/www.phelansegur.com\/en\/wp-json\/wp\/v2\/media\/2482"}],"wp:attachment":[{"href":"https:\/\/www.phelansegur.com\/en\/wp-json\/wp\/v2\/media?parent=2428"}],"wp:term":[{"taxonomy":"category","embeddable":true,"href":"https:\/\/www.phelansegur.com\/en\/wp-json\/wp\/v2\/categories?post=2428"},{"taxonomy":"post_tag","embeddable":true,"href":"https:\/\/www.phelansegur.com\/en\/wp-json\/wp\/v2\/tags?post=2428"}],"curies":[{"name":"wp","href":"https:\/\/api.w.org\/{rel}","templated":true}]}}