{"id":2836,"date":"2017-03-21T10:58:09","date_gmt":"2017-03-21T10:58:09","guid":{"rendered":"http:\/\/www.phelansegur.com\/?p=2836"},"modified":"2017-03-22T15:57:04","modified_gmt":"2017-03-22T15:57:04","slug":"lagenda-gourmand-du-chateau-phelan-segur-march-2017","status":"publish","type":"post","link":"https:\/\/www.phelansegur.com\/en\/lagenda-gourmand-du-chateau-phelan-segur-march-2017\/","title":{"rendered":"L\u2019Agenda Gourmand du Ch\u00e2teau Ph\u00e9lan S\u00e9gur \u2013 March 2017"},"content":{"rendered":"<p><strong><span style=\"text-decoration: underline;\"><span>Ingredients for 4 people<\/span><\/span><\/strong><\/p>\n<p><span>2 white puddings<\/span><\/p>\n<p><span>3 Chanteclair apples<\/span><\/p>\n<p><span>20g honey <\/span><\/p>\n<p><span>40g butter<\/span><\/p>\n<p><span>Sea salt<\/span><\/p>\n<p><span>Ground pepper<\/span><\/p>\n<p><span>200g flaky pastry<\/span><\/p>\n<p><span>1 egg yolk<\/span><\/p>\n<p><span>50g veal jus<\/span><\/p>\n<p><strong><span style=\"text-decoration: underline;\"><span>The pastries: <\/span><\/span><\/strong><\/p>\n<p><span>Roll out the flaky pastry to 6mm thickness and cut perfect rectangles of 10cm by 4cm.<\/span><\/p>\n<p><span>Place the pastries on a baking sheet and brush with egg yolk, decorating with the point of a knife and refrigerate for 15 min. Pre-heat the oven to 200\u00b0C.<\/span><\/p>\n<p><span>Brush with egg a second time, then cook for 12 min between two sheets, to have uniform rising and height.<\/span><\/p>\n<p><span>Leave to cool then cut off the tops.<\/span><\/p>\n<p><strong><span style=\"text-decoration: underline;\"><span>The apples:<\/span><\/span><\/strong><\/p>\n<p><span>Peel and then dice the apples, saut\u00e9 them in a hot pan with a little butter; they should be browned and firm. Add the honey, salt and pepper, and keep hot.<\/span><\/p>\n<p><span>Heat the veal jus.<\/span><\/p>\n<p><strong><span style=\"text-decoration: underline;\"><span>Presentation:<\/span><\/span><\/strong><\/p>\n<p><span>In a little foaming butter, gently brown the white puddings, basting them so that they become shiny. The skin should be slightly crusty but be careful they don&#8217;t burst.<\/span><\/p>\n<p><span>Heat the pastries than stuff with the apples, cut the puddings into 5mm slices then place them on the apples. <\/span><\/p>\n<p><span>Replace the tops, arrange the pastries on a hot plate, add a little sauce and serve.<\/span><\/p>\n","protected":false},"excerpt":{"rendered":"<p>To be enjoyed with Ch\u00e2teau Ph\u00e9lan S\u00e9gur 2007.<\/p>\n","protected":false},"author":3,"featured_media":2850,"comment_status":"closed","ping_status":"closed","sticky":true,"template":"","format":"standard","meta":[],"categories":[5,5],"tags":[],"acf":[],"yoast_head":"<!-- This site is optimized with the Yoast SEO plugin v15.4 - https:\/\/yoast.com\/wordpress\/plugins\/seo\/ -->\n<meta name=\"robots\" content=\"index, follow, max-snippet:-1, max-image-preview:large, max-video-preview:-1\" \/>\n<link rel=\"canonical\" href=\"https:\/\/www.phelansegur.com\/en\/lagenda-gourmand-du-chateau-phelan-segur-march-2017\/\" \/>\n<meta property=\"og:locale\" content=\"en_US\" \/>\n<meta property=\"og:type\" content=\"article\" \/>\n<meta property=\"og:title\" content=\"L\u2019Agenda Gourmand du Ch\u00e2teau Ph\u00e9lan S\u00e9gur \u2013 March 2017 - Ch\u00e2teau Ph\u00e9lan S\u00e9gur\" \/>\n<meta property=\"og:description\" content=\"To be enjoyed with Ch\u00e2teau Ph\u00e9lan S\u00e9gur 2007.\" \/>\n<meta property=\"og:url\" content=\"https:\/\/www.phelansegur.com\/en\/lagenda-gourmand-du-chateau-phelan-segur-march-2017\/\" \/>\n<meta property=\"og:site_name\" content=\"Ch\u00e2teau Ph\u00e9lan S\u00e9gur\" \/>\n<meta property=\"article:published_time\" content=\"2017-03-21T10:58:09+00:00\" \/>\n<meta property=\"article:modified_time\" content=\"2017-03-22T15:57:04+00:00\" \/>\n<meta property=\"og:image\" content=\"https:\/\/www.phelansegur.com\/wp-content\/uploads\/2017\/03\/Boudon-blanc-feuillete.png\" \/>\n\t<meta property=\"og:image:width\" content=\"328\" \/>\n\t<meta property=\"og:image:height\" content=\"450\" \/>\n<meta name=\"twitter:card\" content=\"summary_large_image\" \/>\n<meta name=\"twitter:label1\" content=\"Written by\">\n\t<meta name=\"twitter:data1\" content=\"allison\">\n\t<meta name=\"twitter:label2\" content=\"Est. reading time\">\n\t<meta name=\"twitter:data2\" content=\"1 minute\">\n<script type=\"application\/ld+json\" class=\"yoast-schema-graph\">{\"@context\":\"https:\/\/schema.org\",\"@graph\":[{\"@type\":\"Organization\",\"@id\":\"https:\/\/www.phelansegur.com\/#organization\",\"name\":\"Ch\\u00e2teau Ph\\u00e9lan S\\u00e9gur\",\"url\":\"https:\/\/www.phelansegur.com\/\",\"sameAs\":[\"https:\/\/www.instagram.com\/phelansegur\/\"],\"logo\":{\"@type\":\"ImageObject\",\"@id\":\"https:\/\/www.phelansegur.com\/#logo\",\"inLanguage\":\"en-US\",\"url\":\"https:\/\/www.phelansegur.com\/wp-content\/uploads\/2020\/03\/logo-phelansegur.jpg\",\"width\":500,\"height\":200,\"caption\":\"Ch\\u00e2teau Ph\\u00e9lan S\\u00e9gur\"},\"image\":{\"@id\":\"https:\/\/www.phelansegur.com\/#logo\"}},{\"@type\":\"WebSite\",\"@id\":\"https:\/\/www.phelansegur.com\/#website\",\"url\":\"https:\/\/www.phelansegur.com\/\",\"name\":\"Ch\\u00e2teau Ph\\u00e9lan S\\u00e9gur\",\"description\":\"Saint Est\\u00e8phe\",\"publisher\":{\"@id\":\"https:\/\/www.phelansegur.com\/#organization\"},\"potentialAction\":[{\"@type\":\"SearchAction\",\"target\":\"https:\/\/www.phelansegur.com\/?s={search_term_string}\",\"query-input\":\"required name=search_term_string\"}],\"inLanguage\":\"en-US\"},{\"@type\":\"ImageObject\",\"@id\":\"https:\/\/www.phelansegur.com\/en\/lagenda-gourmand-du-chateau-phelan-segur-march-2017\/#primaryimage\",\"inLanguage\":\"en-US\",\"url\":\"https:\/\/www.phelansegur.com\/wp-content\/uploads\/2017\/03\/Boudon-blanc-feuillete.png\",\"width\":328,\"height\":450},{\"@type\":\"WebPage\",\"@id\":\"https:\/\/www.phelansegur.com\/en\/lagenda-gourmand-du-chateau-phelan-segur-march-2017\/#webpage\",\"url\":\"https:\/\/www.phelansegur.com\/en\/lagenda-gourmand-du-chateau-phelan-segur-march-2017\/\",\"name\":\"L\\u2019Agenda Gourmand du Ch\\u00e2teau Ph\\u00e9lan S\\u00e9gur \\u2013 March 2017 - Ch\\u00e2teau Ph\\u00e9lan S\\u00e9gur\",\"isPartOf\":{\"@id\":\"https:\/\/www.phelansegur.com\/#website\"},\"primaryImageOfPage\":{\"@id\":\"https:\/\/www.phelansegur.com\/en\/lagenda-gourmand-du-chateau-phelan-segur-march-2017\/#primaryimage\"},\"datePublished\":\"2017-03-21T10:58:09+00:00\",\"dateModified\":\"2017-03-22T15:57:04+00:00\",\"breadcrumb\":{\"@id\":\"https:\/\/www.phelansegur.com\/en\/lagenda-gourmand-du-chateau-phelan-segur-march-2017\/#breadcrumb\"},\"inLanguage\":\"en-US\",\"potentialAction\":[{\"@type\":\"ReadAction\",\"target\":[\"https:\/\/www.phelansegur.com\/en\/lagenda-gourmand-du-chateau-phelan-segur-march-2017\/\"]}]},{\"@type\":\"BreadcrumbList\",\"@id\":\"https:\/\/www.phelansegur.com\/en\/lagenda-gourmand-du-chateau-phelan-segur-march-2017\/#breadcrumb\",\"itemListElement\":[{\"@type\":\"ListItem\",\"position\":1,\"item\":{\"@type\":\"WebPage\",\"@id\":\"https:\/\/www.phelansegur.com\/en\/\",\"url\":\"https:\/\/www.phelansegur.com\/en\/\",\"name\":\"Page d'accueil\"}},{\"@type\":\"ListItem\",\"position\":2,\"item\":{\"@type\":\"WebPage\",\"@id\":\"https:\/\/www.phelansegur.com\/en\/lagenda-gourmand-du-chateau-phelan-segur-march-2017\/\",\"url\":\"https:\/\/www.phelansegur.com\/en\/lagenda-gourmand-du-chateau-phelan-segur-march-2017\/\",\"name\":\"L\\u2019Agenda Gourmand du Ch\\u00e2teau Ph\\u00e9lan S\\u00e9gur \\u2013 March 2017\"}}]},{\"@type\":\"Article\",\"@id\":\"https:\/\/www.phelansegur.com\/en\/lagenda-gourmand-du-chateau-phelan-segur-march-2017\/#article\",\"isPartOf\":{\"@id\":\"https:\/\/www.phelansegur.com\/en\/lagenda-gourmand-du-chateau-phelan-segur-march-2017\/#webpage\"},\"author\":{\"@id\":\"https:\/\/www.phelansegur.com\/#\/schema\/person\/32c4ad59aa4cc0e8bcfdb379bc81670e\"},\"headline\":\"L\\u2019Agenda Gourmand du Ch\\u00e2teau Ph\\u00e9lan S\\u00e9gur \\u2013 March 2017\",\"datePublished\":\"2017-03-21T10:58:09+00:00\",\"dateModified\":\"2017-03-22T15:57:04+00:00\",\"mainEntityOfPage\":{\"@id\":\"https:\/\/www.phelansegur.com\/en\/lagenda-gourmand-du-chateau-phelan-segur-march-2017\/#webpage\"},\"publisher\":{\"@id\":\"https:\/\/www.phelansegur.com\/#organization\"},\"image\":{\"@id\":\"https:\/\/www.phelansegur.com\/en\/lagenda-gourmand-du-chateau-phelan-segur-march-2017\/#primaryimage\"},\"articleSection\":\"Non class\\u00e9 @en,Non class\\u00e9 @en\",\"inLanguage\":\"en-US\"},{\"@type\":\"Person\",\"@id\":\"https:\/\/www.phelansegur.com\/#\/schema\/person\/32c4ad59aa4cc0e8bcfdb379bc81670e\",\"name\":\"allison\",\"image\":{\"@type\":\"ImageObject\",\"@id\":\"https:\/\/www.phelansegur.com\/#personlogo\",\"inLanguage\":\"en-US\",\"url\":\"https:\/\/secure.gravatar.com\/avatar\/b3ea36df6a699cf0e5abce7d701edae6?s=96&d=mm&r=g\",\"caption\":\"allison\"}}]}<\/script>\n<!-- \/ Yoast SEO plugin. -->","_links":{"self":[{"href":"https:\/\/www.phelansegur.com\/en\/wp-json\/wp\/v2\/posts\/2836"}],"collection":[{"href":"https:\/\/www.phelansegur.com\/en\/wp-json\/wp\/v2\/posts"}],"about":[{"href":"https:\/\/www.phelansegur.com\/en\/wp-json\/wp\/v2\/types\/post"}],"author":[{"embeddable":true,"href":"https:\/\/www.phelansegur.com\/en\/wp-json\/wp\/v2\/users\/3"}],"replies":[{"embeddable":true,"href":"https:\/\/www.phelansegur.com\/en\/wp-json\/wp\/v2\/comments?post=2836"}],"version-history":[{"count":0,"href":"https:\/\/www.phelansegur.com\/en\/wp-json\/wp\/v2\/posts\/2836\/revisions"}],"wp:featuredmedia":[{"embeddable":true,"href":"https:\/\/www.phelansegur.com\/en\/wp-json\/wp\/v2\/media\/2850"}],"wp:attachment":[{"href":"https:\/\/www.phelansegur.com\/en\/wp-json\/wp\/v2\/media?parent=2836"}],"wp:term":[{"taxonomy":"category","embeddable":true,"href":"https:\/\/www.phelansegur.com\/en\/wp-json\/wp\/v2\/categories?post=2836"},{"taxonomy":"post_tag","embeddable":true,"href":"https:\/\/www.phelansegur.com\/en\/wp-json\/wp\/v2\/tags?post=2836"}],"curies":[{"name":"wp","href":"https:\/\/api.w.org\/{rel}","templated":true}]}}